{"id":432957,"date":"2026-04-28T07:42:43","date_gmt":"2026-04-28T11:42:43","guid":{"rendered":"https:\/\/csdconstruction.qc.ca\/?p=432957"},"modified":"2026-04-28T11:38:27","modified_gmt":"2026-04-28T15:38:27","slug":"journee-de-commemoration-lalliance-syndicale-alerte-sur-la-securite-dans-la-construction","status":"publish","type":"post","link":"https:\/\/csdconstruction.qc.ca\/en\/2026\/04\/28\/journee-de-commemoration-lalliance-syndicale-alerte-sur-la-securite-dans-la-construction\/","title":{"rendered":"Journ\u00e9e de comm\u00e9moration : l\u2019Alliance syndicale alerte sur la s\u00e9curit\u00e9 dans la construction"},"content":{"rendered":"\n<p><em>Aujourd&#8217;hui le 28 avril est le Jour de deuil,&nbsp;une journ\u00e9e de comm\u00e9moration en m\u00e9moire des personnes bless\u00e9es ou d\u00e9c\u00e9d\u00e9es au travail.<\/em><\/p>\n\n\n\n<p><em>En 2025, uniquement sur les chantiers de construction du Qu\u00e9bec, 73 travailleuses et travailleurs ont perdu la vie. Cette ann\u00e9e encore, nous sommes&nbsp;l\u2019industrie la&nbsp;plus touch\u00e9e.<\/em><\/p>\n\n\n\n<p><em><strong>Rappelons-nous que la pr\u00e9vention est une responsabilit\u00e9 collective, et que&nbsp;les d\u00e9cisions politiques ont des cons\u00e9quences directes sur le terrain<\/strong>. R\u00e9duire la pr\u00e9sence des repr\u00e9sentants en sant\u00e9 et s\u00e9curit\u00e9, c\u2019est affaiblir un des rares m\u00e9canismes capables d\u2019identifier les risques avant qu\u2019un accident survienne.<\/em><\/p>\n\n\n\n<figure class=\"wp-block-embed is-type-video is-provider-youtube wp-block-embed-youtube wp-embed-aspect-16-9 wp-has-aspect-ratio\"><div class=\"wp-block-embed__wrapper\">\n<iframe loading=\"lazy\" title=\"Discours Jour de deuil 2026 en hommage aux personnes bless\u00e9es ou d\u00e9c\u00e9d\u00e9es.\" width=\"640\" height=\"360\" src=\"https:\/\/www.youtube.com\/embed\/UILeZOPIFcI?feature=oembed\" frameborder=\"0\" allow=\"accelerometer; autoplay; clipboard-write; encrypted-media; gyroscope; picture-in-picture; web-share\" referrerpolicy=\"strict-origin-when-cross-origin\" allowfullscreen><\/iframe>\n<\/div><\/figure>\n\n\n\n<hr class=\"wp-block-separator has-alpha-channel-opacity\"\/>\n\n\n\n<h2 class=\"wp-block-heading\">Journ\u00e9e de comm\u00e9moration : l\u2019Alliance syndicale alerte sur la s\u00e9curit\u00e9 dans la construction<\/h2>\n\n\n\n<p><strong>Montr\u00e9al, le 28 avril 2026 \u2013<\/strong>&nbsp;En cette Journ\u00e9e de comm\u00e9moration des personnes d\u00e9c\u00e9d\u00e9es ou bless\u00e9es au travail, l\u2019Alliance syndicale de la construction \u2013 regroupant les cinq syndicats de l\u2019industrie \u2013&nbsp;rend hommage \u00e0 la m\u00e9moire des&nbsp;73&nbsp;travailleurs et travailleuses&nbsp;de la construction ayant&nbsp;perdu la vie l\u2019an dernier \u00e0 la suite d&#8217;un accident ou d&#8217;une maladie professionnelle&nbsp;au Qu\u00e9bec.&nbsp;<\/p>\n\n\n\n<p>&nbsp;<br>Pour les dirigeants syndicaux, cette&nbsp;hausse&nbsp;de&nbsp;cinq&nbsp;d\u00e9c\u00e8s par rapport \u00e0 2024 est une preuve de plus qu\u2019il faut&nbsp;redoubler d\u2019efforts en mati\u00e8re de pr\u00e9vention en sant\u00e9 et s\u00e9curit\u00e9&nbsp;\u2013&nbsp;l\u2019industrie de la construction repr\u00e9sentant, \u00e0 elle&nbsp;seule,&nbsp;pr\u00e8s de 30 % de tous les d\u00e9c\u00e8s li\u00e9s au travail dans la province.&nbsp;<\/p>\n\n\n\n<p><strong>Projet de loi 27 : un recul majeur en pr\u00e9vention<\/strong>&nbsp;<\/p>\n\n\n\n<p>Cette comm\u00e9moration s\u2019inscrit dans un contexte politique particuli\u00e8rement pr\u00e9occupant cette ann\u00e9e, avec le d\u00e9p\u00f4t du projet de loi 27&nbsp;modifiant diverses dispositions concernant les d\u00e9crets de convention collective et l\u2019industrie de la construction&nbsp;par le gouvernement du Qu\u00e9bec.&nbsp;<\/p>\n\n\n\n<p>Alors que la construction continue de porter le triste titre d\u2019industrie la plus meurtri\u00e8re de la province, le projet de loi 27 pr\u00e9voit une diminution&nbsp;importante&nbsp;du nombre de&nbsp;repr\u00e9sentant\u00b7es&nbsp;en sant\u00e9 et s\u00e9curit\u00e9 (RSS) \u00e0 temps plein sur les chantiers \u2013 les RSS \u00e9tant entre autres&nbsp;charg\u00e9\u00b7es&nbsp;de porter la voix des travailleurs&nbsp;et travailleuses&nbsp;en mati\u00e8re de sant\u00e9 et s\u00e9curit\u00e9&nbsp;et de faire respecter les r\u00e8gles aupr\u00e8s des entrepreneurs.&nbsp;<\/p>\n\n\n\n<p>Pour les dirigeants de l\u2019Alliance syndicale, enlever un m\u00e9canisme de pr\u00e9vention autant&nbsp;central&nbsp;est un recul majeur aussi intol\u00e9rable qu\u2019inqui\u00e9tant pour la vie des travailleurs et des travailleuses.&nbsp;Le gouvernement doit&nbsp;revenir en arri\u00e8re et proposer les amendements n\u00e9cessaires \u00e0 son projet de loi pour&nbsp;resserrer les r\u00e8gles, et non pas donner carte blanche aux employeurs pour les contourner. Sans les RSS \u00e0 temps plein,&nbsp;les chantiers continueront de co\u00fbter la vie \u00e0 trop de travailleurs et travailleuses,&nbsp;insistent-ils.&nbsp;<\/p>\n\n\n\n<p>Les cinq associations syndicales&nbsp;manifesteront&nbsp;ce mardi 28 avril devant les bureaux de la CNESST,&nbsp;\u00e0 Montr\u00e9al.&nbsp;Le point de ralliement sera au Complexe Desjardins.&nbsp;<\/p>\n\n\n\n<hr class=\"wp-block-separator has-alpha-channel-opacity\"\/>\n\n\n\n<figure class=\"wp-block-gallery has-nested-images columns-default is-cropped wp-block-gallery-1 is-layout-flex wp-block-gallery-is-layout-flex\">\n<figure class=\"wp-block-image size-large\"><img loading=\"lazy\" decoding=\"async\" width=\"1080\" height=\"1080\" data-id=\"432958\" src=\"https:\/\/csdconstruction.qc.ca\/wp-content\/uploads\/2026\/04\/4-1024x1024.png\" alt=\"\" class=\"wp-image-432958\" srcset=\"https:\/\/csdconstruction.qc.ca\/wp-content\/uploads\/2026\/04\/4-1024x1024.png 1024w, https:\/\/csdconstruction.qc.ca\/wp-content\/uploads\/2026\/04\/4-300x300.png 300w, https:\/\/csdconstruction.qc.ca\/wp-content\/uploads\/2026\/04\/4-150x150.png 150w, https:\/\/csdconstruction.qc.ca\/wp-content\/uploads\/2026\/04\/4-768x768.png 768w, https:\/\/csdconstruction.qc.ca\/wp-content\/uploads\/2026\/04\/4.png 1080w\" sizes=\"auto, (max-width: 1080px) 100vw, 1080px\" \/><\/figure>\n\n\n\n<figure class=\"wp-block-image size-large\"><img loading=\"lazy\" decoding=\"async\" width=\"1024\" height=\"1024\" data-id=\"432959\" src=\"https:\/\/csdconstruction.qc.ca\/wp-content\/uploads\/2026\/04\/5-1024x1024.png\" alt=\"\" class=\"wp-image-432959\" srcset=\"https:\/\/csdconstruction.qc.ca\/wp-content\/uploads\/2026\/04\/5-1024x1024.png 1024w, https:\/\/csdconstruction.qc.ca\/wp-content\/uploads\/2026\/04\/5-300x300.png 300w, https:\/\/csdconstruction.qc.ca\/wp-content\/uploads\/2026\/04\/5-150x150.png 150w, https:\/\/csdconstruction.qc.ca\/wp-content\/uploads\/2026\/04\/5-768x768.png 768w, https:\/\/csdconstruction.qc.ca\/wp-content\/uploads\/2026\/04\/5.png 1080w\" sizes=\"auto, (max-width: 1024px) 100vw, 1024px\" \/><\/figure>\n\n\n\n<figure class=\"wp-block-image size-large\"><img loading=\"lazy\" decoding=\"async\" width=\"1024\" height=\"1024\" data-id=\"432962\" src=\"https:\/\/csdconstruction.qc.ca\/wp-content\/uploads\/2026\/04\/6-1024x1024.png\" alt=\"\" class=\"wp-image-432962\" srcset=\"https:\/\/csdconstruction.qc.ca\/wp-content\/uploads\/2026\/04\/6-1024x1024.png 1024w, https:\/\/csdconstruction.qc.ca\/wp-content\/uploads\/2026\/04\/6-300x300.png 300w, https:\/\/csdconstruction.qc.ca\/wp-content\/uploads\/2026\/04\/6-150x150.png 150w, https:\/\/csdconstruction.qc.ca\/wp-content\/uploads\/2026\/04\/6-768x768.png 768w, https:\/\/csdconstruction.qc.ca\/wp-content\/uploads\/2026\/04\/6.png 1080w\" sizes=\"auto, (max-width: 1024px) 100vw, 1024px\" \/><\/figure>\n<\/figure>\n","protected":false},"excerpt":{"rendered":"<p>Aujourd&#8217;hui le 28 avril est le Jour de deuil,&nbsp;une journ\u00e9e de comm\u00e9moration en m\u00e9moire des personnes bless\u00e9es ou d\u00e9c\u00e9d\u00e9es au travail. En 2025, uniquement sur les chantiers de construction du Qu\u00e9bec, 73 travailleuses et travailleurs ont perdu la vie. Cette ann\u00e9e encore, nous sommes&nbsp;l\u2019industrie la&nbsp;plus touch\u00e9e. Rappelons-nous que la pr\u00e9vention est une responsabilit\u00e9 collective, et [&hellip;]<\/p>\n","protected":false},"author":9364,"featured_media":221813,"comment_status":"closed","ping_status":"closed","sticky":false,"template":"","format":"standard","meta":{"_acf_changed":false,"footnotes":""},"categories":[6,54],"tags":[],"class_list":["post-432957","post","type-post","status-publish","format-standard","has-post-thumbnail","hentry","category-communique","category-sante-et-securite"],"acf":[],"_links":{"self":[{"href":"https:\/\/csdconstruction.qc.ca\/en\/wp-json\/wp\/v2\/posts\/432957","targetHints":{"allow":["GET"]}}],"collection":[{"href":"https:\/\/csdconstruction.qc.ca\/en\/wp-json\/wp\/v2\/posts"}],"about":[{"href":"https:\/\/csdconstruction.qc.ca\/en\/wp-json\/wp\/v2\/types\/post"}],"author":[{"embeddable":true,"href":"https:\/\/csdconstruction.qc.ca\/en\/wp-json\/wp\/v2\/users\/9364"}],"replies":[{"embeddable":true,"href":"https:\/\/csdconstruction.qc.ca\/en\/wp-json\/wp\/v2\/comments?post=432957"}],"version-history":[{"count":4,"href":"https:\/\/csdconstruction.qc.ca\/en\/wp-json\/wp\/v2\/posts\/432957\/revisions"}],"predecessor-version":[{"id":432972,"href":"https:\/\/csdconstruction.qc.ca\/en\/wp-json\/wp\/v2\/posts\/432957\/revisions\/432972"}],"wp:featuredmedia":[{"embeddable":true,"href":"https:\/\/csdconstruction.qc.ca\/en\/wp-json\/wp\/v2\/media\/221813"}],"wp:attachment":[{"href":"https:\/\/csdconstruction.qc.ca\/en\/wp-json\/wp\/v2\/media?parent=432957"}],"wp:term":[{"taxonomy":"category","embeddable":true,"href":"https:\/\/csdconstruction.qc.ca\/en\/wp-json\/wp\/v2\/categories?post=432957"},{"taxonomy":"post_tag","embeddable":true,"href":"https:\/\/csdconstruction.qc.ca\/en\/wp-json\/wp\/v2\/tags?post=432957"}],"curies":[{"name":"wp","href":"https:\/\/api.w.org\/{rel}","templated":true}]}}