{"id":432549,"date":"2025-11-05T22:08:14","date_gmt":"2025-11-06T03:08:14","guid":{"rendered":"https:\/\/csdconstruction.qc.ca\/?p=432549"},"modified":"2026-04-09T13:38:07","modified_gmt":"2026-04-09T17:38:07","slug":"projet-de-loi-3-comprendre-les-risques","status":"publish","type":"post","link":"https:\/\/csdconstruction.qc.ca\/en\/2025\/11\/05\/projet-de-loi-3-comprendre-les-risques\/","title":{"rendered":"Projet de loi 3: comprendre les risques"},"content":{"rendered":"\n<figure class=\"wp-block-embed aligncenter is-type-video is-provider-youtube wp-block-embed-youtube wp-embed-aspect-16-9 wp-has-aspect-ratio\"><div class=\"wp-block-embed__wrapper\">\n<iframe loading=\"lazy\" title=\"Passage de la CSD Construction en commission parlementaire pour le projet de loi 3.\" width=\"640\" height=\"360\" src=\"https:\/\/www.youtube.com\/embed\/QUNChYf5HcQ?feature=oembed\" frameborder=\"0\" allow=\"accelerometer; autoplay; clipboard-write; encrypted-media; gyroscope; picture-in-picture; web-share\" referrerpolicy=\"strict-origin-when-cross-origin\" allowfullscreen><\/iframe>\n<\/div><\/figure>\n\n\n\n<p>Le ministre du Travail, Jean Boulet, s\u2019attaque au mouvement syndical. Sous pr\u00e9texte de vouloir am\u00e9liorer la \u00ab transparence \u00bb, le projet de loi 3 vise surtout \u00e0 affaiblir nos organisations et \u00e0 <strong>faire taire les contre-pouvoirs essentiels \u00e0 notre soci\u00e9t\u00e9.<\/strong> Il s\u2019attaque \u00e0 la capacit\u00e9 des syndicats \u00e0 s\u2019organiser, <strong>il vient nous dire comment g\u00e9rer notre syndicat, ce qui est inacceptable!<\/strong><\/p>\n\n\n<div class=\"wp-block-image\">\n<figure class=\"aligncenter size-full is-resized\"><img loading=\"lazy\" decoding=\"async\" width=\"940\" height=\"788\" src=\"https:\/\/csdconstruction.qc.ca\/wp-content\/uploads\/2025\/11\/Copie-de-Annonce-Communique.png\" alt=\"\" class=\"wp-image-432555\" style=\"width:600px\" srcset=\"https:\/\/csdconstruction.qc.ca\/wp-content\/uploads\/2025\/11\/Copie-de-Annonce-Communique.png 940w, https:\/\/csdconstruction.qc.ca\/wp-content\/uploads\/2025\/11\/Copie-de-Annonce-Communique-300x251.png 300w, https:\/\/csdconstruction.qc.ca\/wp-content\/uploads\/2025\/11\/Copie-de-Annonce-Communique-768x644.png 768w\" sizes=\"auto, (max-width: 940px) 100vw, 940px\" \/><\/figure>\n<\/div>\n\n\n<p><\/p>\n\n\n\n<p class=\"has-dark-beige-background-color has-background\"><strong>\u00c0 la CSD Construction, on dit toujours que la parole est \u00e0 nos membres&#8230;. Mais le gouvernement veut maintenant nous dicter comment faire les choses chez nous. Il nous emp\u00eache de s&#8217;opposer \u00e0 ses projets de loi, ce qui lui laisse carte blanche pour mettre en place des lois qui pourraient nuire aux travailleurs et travailleuses. Votre syndicat doit pouvoir continuer d&#8217;\u00eatre l\u00e0 pour vous d\u00e9fendre!<\/strong><\/p>\n\n\n\n<p><\/p>\n\n\n\n<div class=\"wp-block-buttons is-content-justification-center is-layout-flex wp-container-core-buttons-is-layout-16018d1d wp-block-buttons-is-layout-flex\">\n<div class=\"wp-block-button\"><a class=\"wp-block-button__link has-beige-color has-green-background-color has-text-color has-background has-link-color wp-element-button\" href=\"https:\/\/www.csd.qc.ca\/le-projet-de-loi-3-une-attaque-contre-les-syndicats-et-la-democratie\/\" target=\"_blank\" rel=\"noreferrer noopener\">En savoir plus sur le projet de loi 3<\/a><\/div>\n<\/div>\n\n\n\n<p><\/p>\n\n\n\n<figure class=\"wp-block-embed aligncenter is-type-video is-provider-youtube wp-block-embed-youtube wp-embed-aspect-16-9 wp-has-aspect-ratio\"><div class=\"wp-block-embed__wrapper\">\n<iframe loading=\"lazy\" title=\"Tous ensemble, marchons le 29 novembre! Invitation de Carl Dufour\" width=\"640\" height=\"360\" src=\"https:\/\/www.youtube.com\/embed\/Q4UMboM0oWg?feature=oembed\" frameborder=\"0\" allow=\"accelerometer; autoplay; clipboard-write; encrypted-media; gyroscope; picture-in-picture; web-share\" referrerpolicy=\"strict-origin-when-cross-origin\" allowfullscreen><\/iframe>\n<\/div><\/figure>\n\n\n\n<p><\/p>\n\n\n\n<h2 class=\"wp-block-heading\">On passe \u00e0 l&#8217;action: on se voit \u00e0 la manif!<\/h2>\n\n\n\n<figure class=\"wp-block-image size-large is-resized\"><img loading=\"lazy\" decoding=\"async\" width=\"1024\" height=\"536\" src=\"https:\/\/csdconstruction.qc.ca\/wp-content\/uploads\/2025\/11\/2mai-1024x536.png\" alt=\"\" class=\"wp-image-432859\" style=\"width:800px\" srcset=\"https:\/\/csdconstruction.qc.ca\/wp-content\/uploads\/2025\/11\/2mai-1024x536.png 1024w, https:\/\/csdconstruction.qc.ca\/wp-content\/uploads\/2025\/11\/2mai-300x157.png 300w, https:\/\/csdconstruction.qc.ca\/wp-content\/uploads\/2025\/11\/2mai-768x402.png 768w, https:\/\/csdconstruction.qc.ca\/wp-content\/uploads\/2025\/11\/2mai-1536x804.png 1536w, https:\/\/csdconstruction.qc.ca\/wp-content\/uploads\/2025\/11\/2mai.png 1920w\" sizes=\"auto, (max-width: 1024px) 100vw, 1024px\" \/><\/figure>\n\n\n\n<p>La CSD Construction vous invite \u00e0 prendre action contre ces injustices et \u00e0 participer \u00e0 la marche de la Journ\u00e9e internationale des travailleuses et des travailleurs:<\/p>\n\n\n\n<p><em>Lois antisyndicales, moins de services, plus de pression et des conditions qui se d\u00e9gradent : ce sont des choix politiques. Et face \u00e0 \u00e7a, il y a une responsabilit\u00e9 collective : r\u00e9sister.<\/em><\/p>\n\n\n\n<p>\ud83d\udccd Montr\u00e9al \u2013 4200, avenue du Parc<br>\ud83d\uddd3\ufe0f 2 mai 2026<br>\ud83d\udd50 13 h<\/p>\n\n\n\n<p>Des transports en autobus sont organis\u00e9s \u00e0 partir de plusieurs r\u00e9gions du Qu\u00e9bec,<strong> c&#8217;est gratuit et le d\u00eener est inclus!&nbsp;<\/strong>Contactez les coordonnateur de votre r\u00e9gion afin de vous inscrire, les coordonn\u00e9es sont dans le document suivant (format Word):<\/p>\n\n\n\n<p><\/p>\n\n\n\n<div class=\"wp-block-buttons is-content-justification-center is-layout-flex wp-container-core-buttons-is-layout-16018d1d wp-block-buttons-is-layout-flex\">\n<div class=\"wp-block-button\"><a class=\"wp-block-button__link has-beige-color has-green-background-color has-text-color has-background has-link-color wp-element-button\" href=\"https:\/\/can01.safelinks.protection.outlook.com\/?url=https%3A%2F%2Fmcusercontent.com%2F00e4f39a13c1a814997d6fd2e%2Ffiles%2F6b91f38e-baad-ca62-3978-d2d5bf50e79c%2FHORAIRE_DES_D_Eacute_PARTS_TOUTES_LES_R_Eacute_GIONS_CSD_2_mai_2026.docx&amp;data=05%7C02%7CPrimeauA%40csd.qc.ca%7Cc741db59bfcc444e2b1b08de956317ed%7Cb5989f19b247406ca0b341e9203177be%7C0%7C0%7C639112450001784116%7CUnknown%7CTWFpbGZsb3d8eyJFbXB0eU1hcGkiOnRydWUsIlYiOiIwLjAuMDAwMCIsIlAiOiJXaW4zMiIsIkFOIjoiTWFpbCIsIldUIjoyfQ%3D%3D%7C0%7C%7C%7C&amp;sdata=yR7VPm95zgdNYKpczT%2Fx6LcB3GpszRocZ0tAUYsn36w%3D&amp;reserved=0\" target=\"_blank\" rel=\"noreferrer noopener\">Participer \u00e0 la manifestation du 2 mai<\/a><\/div>\n<\/div>\n\n\n\n<p><\/p>\n\n\n\n<h2 class=\"wp-block-heading\"><strong>M\u00eame le Barreau nous appuie<\/strong>&#8230;<\/h2>\n\n\n\n<p>La semaine derni\u00e8re, le&nbsp;<a href=\"https:\/\/www.barreau.qc.ca\/fr\/salle-presse\/communiques-2025\/barreau-craint-erosion-etat-droit-quebec\/\" target=\"_blank\" rel=\"noreferrer noopener\">Barreau du Qu\u00e9bec<\/a>&nbsp;a lui aussi d\u00e9nonc\u00e9 les mesures pr\u00e9vues aux projets de loi 3 et 1, soulignant qu\u2019elles auraient des <strong>cons\u00e9quences importantes et nuisibles sur notre r\u00e9gime d\u00e9mocratique.&nbsp;<\/strong>Cliquez sur l&#8217;image pour lire l&#8217;article:<\/p>\n\n\n<div class=\"wp-block-image\">\n<figure class=\"aligncenter size-full is-resized\"><a href=\"https:\/\/www.barreau.qc.ca\/fr\/salle-presse\/communiques-2025\/barreau-craint-erosion-etat-droit-quebec\/\" target=\"_blank\" rel=\" noreferrer noopener\"><img loading=\"lazy\" decoding=\"async\" width=\"793\" height=\"711\" src=\"https:\/\/csdconstruction.qc.ca\/wp-content\/uploads\/2025\/11\/barreau.png\" alt=\"\" class=\"wp-image-432560\" style=\"width:500px;height:auto\" srcset=\"https:\/\/csdconstruction.qc.ca\/wp-content\/uploads\/2025\/11\/barreau.png 793w, https:\/\/csdconstruction.qc.ca\/wp-content\/uploads\/2025\/11\/barreau-300x269.png 300w, https:\/\/csdconstruction.qc.ca\/wp-content\/uploads\/2025\/11\/barreau-768x689.png 768w\" sizes=\"auto, (max-width: 793px) 100vw, 793px\" \/><\/a><\/figure>\n<\/div>\n\n\n<p><\/p>\n\n\n\n<div class=\"wp-block-buttons is-content-justification-center is-layout-flex wp-container-core-buttons-is-layout-16018d1d wp-block-buttons-is-layout-flex\">\n<div class=\"wp-block-button\"><a class=\"wp-block-button__link has-beige-color has-green-background-color has-text-color has-background has-link-color wp-element-button\" href=\"https:\/\/csdconstruction.qc.ca\/wp-content\/uploads\/2025\/11\/CSD-Memoire-PL3-FINAL.pdf\">Lire notre m\u00e9moire complet sur le PL 3<\/a><\/div>\n<\/div>\n\n\n\n<p><\/p>\n","protected":false},"excerpt":{"rendered":"<p>Le ministre du Travail, Jean Boulet, s\u2019attaque au mouvement syndical. Sous pr\u00e9texte de vouloir am\u00e9liorer la \u00ab transparence \u00bb, le projet de loi 3 vise surtout \u00e0 affaiblir nos organisations et \u00e0 faire taire les contre-pouvoirs essentiels \u00e0 notre soci\u00e9t\u00e9. Il s\u2019attaque \u00e0 la capacit\u00e9 des syndicats \u00e0 s\u2019organiser, il vient nous dire comment g\u00e9rer [&hellip;]<\/p>\n","protected":false},"author":9364,"featured_media":432532,"comment_status":"closed","ping_status":"closed","sticky":false,"template":"","format":"standard","meta":{"_acf_changed":false,"footnotes":""},"categories":[8],"tags":[],"class_list":["post-432549","post","type-post","status-publish","format-standard","has-post-thumbnail","hentry","category-notre-opinion-notre-position"],"acf":[],"_links":{"self":[{"href":"https:\/\/csdconstruction.qc.ca\/en\/wp-json\/wp\/v2\/posts\/432549","targetHints":{"allow":["GET"]}}],"collection":[{"href":"https:\/\/csdconstruction.qc.ca\/en\/wp-json\/wp\/v2\/posts"}],"about":[{"href":"https:\/\/csdconstruction.qc.ca\/en\/wp-json\/wp\/v2\/types\/post"}],"author":[{"embeddable":true,"href":"https:\/\/csdconstruction.qc.ca\/en\/wp-json\/wp\/v2\/users\/9364"}],"replies":[{"embeddable":true,"href":"https:\/\/csdconstruction.qc.ca\/en\/wp-json\/wp\/v2\/comments?post=432549"}],"version-history":[{"count":9,"href":"https:\/\/csdconstruction.qc.ca\/en\/wp-json\/wp\/v2\/posts\/432549\/revisions"}],"predecessor-version":[{"id":432861,"href":"https:\/\/csdconstruction.qc.ca\/en\/wp-json\/wp\/v2\/posts\/432549\/revisions\/432861"}],"wp:featuredmedia":[{"embeddable":true,"href":"https:\/\/csdconstruction.qc.ca\/en\/wp-json\/wp\/v2\/media\/432532"}],"wp:attachment":[{"href":"https:\/\/csdconstruction.qc.ca\/en\/wp-json\/wp\/v2\/media?parent=432549"}],"wp:term":[{"taxonomy":"category","embeddable":true,"href":"https:\/\/csdconstruction.qc.ca\/en\/wp-json\/wp\/v2\/categories?post=432549"},{"taxonomy":"post_tag","embeddable":true,"href":"https:\/\/csdconstruction.qc.ca\/en\/wp-json\/wp\/v2\/tags?post=432549"}],"curies":[{"name":"wp","href":"https:\/\/api.w.org\/{rel}","templated":true}]}}