{"id":15522,"date":"2023-05-14T15:05:00","date_gmt":"2023-05-14T19:05:00","guid":{"rendered":"https:\/\/csdconstruction.qc.ca\/?p=15522"},"modified":"2023-07-04T11:11:12","modified_gmt":"2023-07-04T15:11:12","slug":"alexandra-la-peintre-qui-simplique-pour-les-travailleuses-et-les-travailleurs-aussi","status":"publish","type":"post","link":"https:\/\/csdconstruction.qc.ca\/en\/2023\/05\/14\/alexandra-la-peintre-qui-simplique-pour-les-travailleuses-et-les-travailleurs-aussi\/","title":{"rendered":"Alexandra, la peintre qui s\u2019implique pour les travailleuses\u2026 et les travailleurs aussi"},"content":{"rendered":"\n<p><em>Lors du dernier Conseil syndical, les \u00e9lu\u00b7es CSD Construction de toute la province ont vot\u00e9 pour \u00e9lire deux nouveaux dirigeants \u00e0 la t\u00eate du syndicat\u00a0: Daniel Laterreur, \u00e0 titre de vice-pr\u00e9sident provincial, et Alexandra Marier, \u00e0 titre de secr\u00e9taire provinciale. Nous leur avons demand\u00e9 de partager leur parcours et leurs ambitions pour leur nouveau r\u00f4le.<\/em><\/p>\n\n\n\n<p>Alexandra Marier fait partie de la nouvelle g\u00e9n\u00e9ration de personnes \u00e9lues \u00e0 la CSD Construction, celles qui placent la conciliation travail-famille au centre de leurs priorit\u00e9s. Cette peintre en b\u00e2timent est membre du syndicat depuis 2012. Surprise de la facilit\u00e9 avec laquelle tous les membres, elle incluse, peuvent faire valoir leur opinion lors des rencontres syndicales, Alexandra y assiste avec int\u00e9ret. C\u2019est en 2021 qu\u2019elle d\u00e9cide de s\u2019impliquer plus intens\u00e9ment, en se faisant \u00e9lire dans sa r\u00e9gion de la Mont\u00e9r\u00e9gie. Elle d\u00e9croche \u00e9galement la m\u00eame ann\u00e9e le poste de v\u00e9rificatrice du syndicat.<\/p>\n\n\n\n<p>Qu\u2019est-ce qui a pouss\u00e9 Alexandra \u00e0 soumettre sa candidature \u00e0 titre de secr\u00e9taire provinciale cette ann\u00e9e? Elle souhaitait relever de nouveaux d\u00e9fis, mais elle souhaitait aussi donner une visibilit\u00e9 \u00e0 son m\u00e9tier\u00a0: \u00ab\u00a0<strong>En tant que peintre de b\u00e2timent, je trouve qu\u2019on voit moins souvent notre m\u00e9tier repr\u00e9sent\u00e9 sur les comit\u00e9s de l\u2019industrie. C\u2019est aussi le m\u00e9tier qui conna\u00eet la plus forte croissance de femmes dans ses rangs, donc je suis heureuse d\u2019\u00eatre \u00e9lue et de repr\u00e9senter mes cons\u0153urs travailleuses \u00e0 ce niveau-l\u00e0.\u00a0<\/strong>\u00bb<\/p>\n\n\n\n<p>Alexandra s\u2019implique \u00e9galement \u00e0 titre de militante de la condition f\u00e9minine \u00e0 la CSD depuis 2022. En plus des enjeux de sant\u00e9 et s\u00e9curit\u00e9 essentiels \u00e0 notre industrie, Alexandra compte militer pour am\u00e9liorer la conciliation travail-famille, rehausser l\u2019image des femmes sur les chantiers et soutenir leur place dans l\u2019industrie\u00a0: \u00ab\u00a0<strong>On peut s\u2019impliquer m\u00eame si on est jeune et qu\u2019on n\u2019a pas 30 ans d\u2019exp\u00e9rience! J\u2019apporte un regard neuf, un regard diff\u00e9rent sur les enjeux de l\u2019industrie et je pense que \u00e7a enrichit notre syndicat.<\/strong>\u00a0\u00bb<\/p>\n\n\n\n<p>Vous aimeriez en lire davantage sur le r\u00f4le des personnes \u00e9lues de votre syndicat? <\/p>\n\n\n\n<div class=\"wp-block-buttons is-layout-flex wp-block-buttons-is-layout-flex\">\n<div class=\"wp-block-button\"><a class=\"wp-block-button__link has-beige-color has-dark-green-background-color has-text-color has-background wp-element-button\" href=\"https:\/\/csdconstruction.qc.ca\/en\/2023\/05\/12\/daniel-le-couvreur-qui-milite-pour-la-sante-et-securite\/\">Cliquez ici pour lire l\u2019article sur Daniel Laterreur, nouveau dirigeant<\/a><\/div>\n<\/div>\n","protected":false},"excerpt":{"rendered":"<p>Lors du dernier Conseil syndical, les \u00e9lu\u00b7es CSD Construction de toute la province ont vot\u00e9 pour \u00e9lire deux nouveaux dirigeants \u00e0 la t\u00eate du syndicat\u00a0: Daniel Laterreur, \u00e0 titre de vice-pr\u00e9sident provincial, et Alexandra Marier, \u00e0 titre de secr\u00e9taire provinciale. Nous leur avons demand\u00e9 de partager leur parcours et leurs ambitions pour leur nouveau r\u00f4le. [&hellip;]<\/p>\n","protected":false},"author":9364,"featured_media":15516,"comment_status":"closed","ping_status":"closed","sticky":false,"template":"","format":"standard","meta":{"_acf_changed":false,"footnotes":""},"categories":[65],"tags":[],"class_list":["post-15522","post","type-post","status-publish","format-standard","has-post-thumbnail","hentry","category-nouvelles-2"],"acf":[],"_links":{"self":[{"href":"https:\/\/csdconstruction.qc.ca\/en\/wp-json\/wp\/v2\/posts\/15522","targetHints":{"allow":["GET"]}}],"collection":[{"href":"https:\/\/csdconstruction.qc.ca\/en\/wp-json\/wp\/v2\/posts"}],"about":[{"href":"https:\/\/csdconstruction.qc.ca\/en\/wp-json\/wp\/v2\/types\/post"}],"author":[{"embeddable":true,"href":"https:\/\/csdconstruction.qc.ca\/en\/wp-json\/wp\/v2\/users\/9364"}],"replies":[{"embeddable":true,"href":"https:\/\/csdconstruction.qc.ca\/en\/wp-json\/wp\/v2\/comments?post=15522"}],"version-history":[{"count":1,"href":"https:\/\/csdconstruction.qc.ca\/en\/wp-json\/wp\/v2\/posts\/15522\/revisions"}],"predecessor-version":[{"id":15523,"href":"https:\/\/csdconstruction.qc.ca\/en\/wp-json\/wp\/v2\/posts\/15522\/revisions\/15523"}],"wp:featuredmedia":[{"embeddable":true,"href":"https:\/\/csdconstruction.qc.ca\/en\/wp-json\/wp\/v2\/media\/15516"}],"wp:attachment":[{"href":"https:\/\/csdconstruction.qc.ca\/en\/wp-json\/wp\/v2\/media?parent=15522"}],"wp:term":[{"taxonomy":"category","embeddable":true,"href":"https:\/\/csdconstruction.qc.ca\/en\/wp-json\/wp\/v2\/categories?post=15522"},{"taxonomy":"post_tag","embeddable":true,"href":"https:\/\/csdconstruction.qc.ca\/en\/wp-json\/wp\/v2\/tags?post=15522"}],"curies":[{"name":"wp","href":"https:\/\/api.w.org\/{rel}","templated":true}]}}